{"id":158,"date":"2021-02-07T15:14:54","date_gmt":"2021-02-07T15:14:54","guid":{"rendered":"https:\/\/dsgi.hu\/main\/?p=158"},"modified":"2025-01-05T19:35:25","modified_gmt":"2025-01-05T18:35:25","slug":"herendi-ontomuhely-kialakitasa","status":"publish","type":"post","link":"https:\/\/www.dsgi.hu\/main\/2021\/02\/07\/herendi-ontomuhely-kialakitasa\/","title":{"rendered":"Herendi \u00f6nt\u0151m\u0171hely kialak\u00edt\u00e1sa"},"content":{"rendered":"\n<p>A Herendi Porcel\u00e1nmanufakt\u00fara Rt. nagy jelent\u0151s\u00e9get tulajdon\u00edt a min\u0151s\u00e9gnek a term\u00e9keket \u00e9s a termel\u00e9si k\u00f6r\u00fclm\u00e9nyeket illet\u0151en is. Ebben a projektben a termel\u00e9si folyamat els\u0151 \u00e1llom\u00e1s\u00e1nak, az \u00f6nt\u0151m\u0171helynek ergon\u00f3miai fejleszt\u00e9se volt a c\u00e9l. A Herendi Porcel\u00e1nmanufakt\u00fara 2000. tavasz\u00e1n adott lehet\u0151s\u00e9get t\u00e1rsas\u00e1gunknak arra, hogy egy sz\u0171kebb ter\u00fcleten, az \u00f6nt\u0151m\u0171helyben bizony\u00edthassunk. Lehet\u0151s\u00e9get kaptunk arra, hogy szakmai meggy\u0151z\u0151d\u00e9s\u00fcnknek megfelel\u0151en, az ergon\u00f3miai szempontokat \u00e9s m\u00f3dszertant messzemen\u0151en figyelembe vehess\u00fck. Ennek megfelel\u0151en teljes k\u00f6r\u0171en, elemz\u00e9sre \u00e9p\u00edtett tervez\u00e9ssel, a dolgoz\u00f3i bevon\u00e1st f\u00f3kusz csoporttal \u00e9s protot\u00edpus tesztel\u00e9ssel is biztos\u00edtva, a megval\u00f3sul\u00e1sig vett\u00fcnk r\u00e9szt a munkahely fejleszt\u00e9s\u00e9ben. F\u0151bb l\u00e9p\u00e9sek:<\/p>\n\n\n\n<ul class=\"wp-block-list\"><li>Munkahelyek ergon\u00f3miai felm\u00e9r\u00e9se \u00e9s \u00e9rt\u00e9kel\u00e9se<\/li><li>Munkahelyek \u00e9s munkaterem kialak\u00edt\u00e1s\u00e1ra ergon\u00f3miai javaslatok elk\u00e9sz\u00edt\u00e9se<\/li><li>Helysz\u00edni konzult\u00e1ci\u00f3 h\u00e1rom alkalommal a kivitelez\u00e9s sor\u00e1n<\/li><\/ul>\n\n\n\n<h1 class=\"wp-block-heading\">Munkahelyek felm\u00e9r\u00e9se \u00e9s \u00e9rt\u00e9kel\u00e9se<\/h1>\n\n\n\n<ul class=\"wp-block-list\"><li>El\u0151zetes bej\u00e1r\u00e1s a munkatev\u00e9kenys\u00e9g \u00e9s a munkafolyamatok megismer\u00e9s\u00e9re. Ez a l\u00e9p\u00e9s a tov\u00e1bbi adatgy\u0171jt\u00e9s alapj\u00e1ul szolg\u00e1l, lehet\u0151v\u00e9 teszi az eszk\u00f6z\u00f6k hangol\u00e1s\u00e1t a helyi viszonyokhoz.<\/li><li>Szak\u00e9rt\u0151i ellen\u0151rz\u0151list\u00e1s bej\u00e1r\u00e1s \u00e9s \u00e9rt\u00e9kel\u00e9s, melynek l\u00e9nyege, hogy termel\u0151 \u00fczemekben sikerrel alkalmazott, &#8211; magyar viszonyokra adapt\u00e1lt nemzetk\u00f6zi &#8211; m\u00f3dszertannal szisztematikusan \u00e9rt\u00e9kelj\u00fck a munkahelyek (elrendez\u00e9s antropometriai ellen\u0151rz\u00e9se, eszk\u00f6zell\u00e1t\u00e1si &#8211; hat\u00e9konys\u00e1g, biztons\u00e1g -, b\u00fatorzat, t\u00e1rol\u00e1s, fizikai-ment\u00e1lis terhel\u00e9s) kialak\u00edt\u00e1s\u00e1t.<\/li><li>Csoportos interj\u00fak, mellyel a dolgoz\u00f3k egy sz\u0171kebb, elk\u00f6telezett csoportja kapcsol\u00f3dik be az \u00e9rt\u00e9kel\u00e9sbe. Ezek a csoportok a fejleszt\u00e9si l\u00e9p\u00e9sekben is k\u00f6zrem\u0171k\u00f6dnek.<\/li><li>K\u00f6rnyezeti m\u00e9r\u00e9sek: vil\u00e1g\u00edt\u00e1s, klimatikus viszonyok, kritikus helyeken zajm\u00e9r\u00e9s. A tev\u00e9kenys\u00e9gb\u0151l ad\u00f3d\u00f3an legfontosabbnak a vil\u00e1g\u00edt\u00e1sm\u00e9r\u00e9s t\u0171nik.<\/li><\/ul>\n\n\n\n<h1 class=\"wp-block-heading\">Fejleszt\u00e9si javaslatok megfogalmaz\u00e1sa<\/h1>\n\n\n\n<p>A javaslatokat lehet\u0151s\u00e9g szerint t\u00f6bb, k\u00fcl\u00f6nb\u00f6z\u0151 k\u00f6lts\u00e9gszinteket k\u00e9pvisel\u0151 v\u00e1ltozatban k\u00e9sz\u00edtj\u00fck el, a sz\u00fcks\u00e9ges m\u0171szaki v\u00e1zlatokkal, lehet\u0151s\u00e9g szerint k\u00f6lts\u00e9gbecsl\u00e9ssel. Elk\u00e9pzelhet\u0151, hogy bizonyos munkaszervez\u00e9si (pl. feladatfeloszt\u00e1s, \u00f6szt\u00f6nz\u00e9s, teljes\u00edtm\u00e9ny\u00e9rt\u00e9kel\u00e9s stb.) v\u00e1ltoztat\u00e1sokat is javasolnunk kell ebben a f\u00e1zisban.<\/p>\n\n\n\n<h1 class=\"wp-block-heading\">Minta-munkahelyek kialak\u00edt\u00e1sa<\/h1>\n\n\n\n<p>A javaslatok bevezet\u00e9s\u00e9t c\u00e9lszer\u0171 a termel\u0151 rendszer megzavar\u00e1sa n\u00e9lk\u00fcl tesztelni \u00e9s csiszolni. Erre a minta- vagy k\u00eds\u00e9rleti munkahelyek l\u00e9trehoz\u00e1sa jelenthet megold\u00e1st, ahol szimul\u00e1lt munkahelyzetben t\u00f6rt\u00e9nik a munkahelyek \u00e9rt\u00e9kel\u00e9se, fejleszt\u00e9se. Az \u00e1ttervezett munkahelyek egy erre a c\u00e9lra kijel\u00f6lt \u00fczemi ter\u00fcleten id\u0151ben egym\u00e1s ut\u00e1n k\u00eds\u00e9rleti jelleggel fel\u00e9p\u00fclnek, s a v\u00e9gleges\u00edt\u00e9s ut\u00e1n olyan dokument\u00e1ci\u00f3 k\u00e9sz\u00fcl, mely lehet\u0151v\u00e9 teszi a karbantart\u00e1si id\u0151szakban a v\u00e9gleges fel\u00e9p\u00edt\u00e9s\u00e9t. (A k\u00eds\u00e9rleti munkahely a betan\u00edt\u00e1si-oktat\u00e1si funkci\u00f3t is bet\u00f6ltheti.)<\/p>\n\n\n\n<p>A projekt egyik \u00e9rdekess\u00e9ge az volt, hogy a dolgoz\u00f3i f\u00f3kuszcsoporthoz virtu\u00e1lis 3D modelleket k\u00e9sz\u00edtet\u00fcnk a munkahelyekr\u0151l.<\/p>\n\n\n\n<p>M\u00e1sik \u00e9rdekess\u00e9gk\u00e9nt eml\u00edthet\u0151, hogy a tervez\u00e9st a Design Space anal\u00edzissel k\u00f6vett\u00fck.<\/p>\n\n\n\n<p>Az \u00f6nt\u0151m\u0171hely fel\u00faj\u00edt\u00e1sa a tesztel\u00e9st k\u00f6vet\u0151en megt\u00f6rt\u00e9nt.<\/p>\n","protected":false},"excerpt":{"rendered":"<p>A Herendi Porcel\u00e1nmanufakt\u00fara Rt. nagy jelent\u0151s\u00e9get tulajdon\u00edt a min\u0151s\u00e9gnek a term\u00e9keket \u00e9s a termel\u00e9si k\u00f6r\u00fclm\u00e9nyeket illet\u0151en is. Ebben a projektben a termel\u00e9si folyamat els\u0151 \u00e1llom\u00e1s\u00e1nak, az \u00f6nt\u0151m\u0171helynek ergon\u00f3miai fejleszt\u00e9se volt a c\u00e9l. A Herendi Porcel\u00e1nmanufakt\u00fara 2000. tavasz\u00e1n adott lehet\u0151s\u00e9get t\u00e1rsas\u00e1gunknak arra, hogy egy sz\u0171kebb ter\u00fcleten, az \u00f6nt\u0151m\u0171helyben bizony\u00edthassunk. Lehet\u0151s\u00e9get kaptunk arra, hogy szakmai meggy\u0151z\u0151d\u00e9s\u00fcnknek megfelel\u0151en, [&hellip;]<\/p>\n","protected":false},"author":1,"featured_media":228,"comment_status":"closed","ping_status":"open","sticky":false,"template":"","format":"standard","meta":{"footnotes":""},"categories":[6,8],"tags":[26,21],"class_list":["post-158","post","type-post","status-publish","format-standard","has-post-thumbnail","hentry","category-esettanulmany","category-slider","tag-koncepcio-kidolgozas","tag-munkahely-ergonomia"],"yoast_head":"<!-- This site is optimized with the Yoast SEO plugin v26.3 - https:\/\/yoast.com\/wordpress\/plugins\/seo\/ -->\n<title>Herendi \u00f6nt\u0151m\u0171hely kialak\u00edt\u00e1sa - DSGI Ergon\u00f3miai M\u00e9rn\u00f6ki Iroda kft.<\/title>\n<meta name=\"robots\" content=\"index, follow, max-snippet:-1, max-image-preview:large, max-video-preview:-1\" \/>\n<link rel=\"canonical\" href=\"https:\/\/www.dsgi.hu\/main\/2021\/02\/07\/herendi-ontomuhely-kialakitasa\/\" \/>\n<meta property=\"og:locale\" content=\"hu_HU\" \/>\n<meta property=\"og:type\" content=\"article\" \/>\n<meta property=\"og:title\" content=\"Herendi \u00f6nt\u0151m\u0171hely kialak\u00edt\u00e1sa - DSGI Ergon\u00f3miai M\u00e9rn\u00f6ki Iroda kft.\" \/>\n<meta property=\"og:description\" content=\"A Herendi Porcel\u00e1nmanufakt\u00fara Rt. nagy jelent\u0151s\u00e9get tulajdon\u00edt a min\u0151s\u00e9gnek a term\u00e9keket \u00e9s a termel\u00e9si k\u00f6r\u00fclm\u00e9nyeket illet\u0151en is. Ebben a projektben a termel\u00e9si folyamat els\u0151 \u00e1llom\u00e1s\u00e1nak, az \u00f6nt\u0151m\u0171helynek ergon\u00f3miai fejleszt\u00e9se volt a c\u00e9l. A Herendi Porcel\u00e1nmanufakt\u00fara 2000. tavasz\u00e1n adott lehet\u0151s\u00e9get t\u00e1rsas\u00e1gunknak arra, hogy egy sz\u0171kebb ter\u00fcleten, az \u00f6nt\u0151m\u0171helyben bizony\u00edthassunk. Lehet\u0151s\u00e9get kaptunk arra, hogy szakmai meggy\u0151z\u0151d\u00e9s\u00fcnknek megfelel\u0151en, [&hellip;]\" \/>\n<meta property=\"og:url\" content=\"https:\/\/www.dsgi.hu\/main\/2021\/02\/07\/herendi-ontomuhely-kialakitasa\/\" \/>\n<meta property=\"og:site_name\" content=\"DSGI Ergon\u00f3miai M\u00e9rn\u00f6ki Iroda kft.\" \/>\n<meta property=\"article:published_time\" content=\"2021-02-07T15:14:54+00:00\" \/>\n<meta property=\"article:modified_time\" content=\"2025-01-05T18:35:25+00:00\" \/>\n<meta property=\"og:image\" content=\"https:\/\/www.dsgi.hu\/main\/wp-content\/uploads\/2021\/02\/Ecsetek-fekvo.jpg\" \/>\n\t<meta property=\"og:image:width\" content=\"1920\" \/>\n\t<meta property=\"og:image:height\" content=\"550\" \/>\n\t<meta property=\"og:image:type\" content=\"image\/jpeg\" \/>\n<meta name=\"author\" content=\"DSGI_admin\" \/>\n<meta name=\"twitter:card\" content=\"summary_large_image\" \/>\n<meta name=\"twitter:label1\" content=\"Szerz\u0151:\" \/>\n\t<meta name=\"twitter:data1\" content=\"DSGI_admin\" \/>\n\t<meta name=\"twitter:label2\" content=\"Becs\u00fclt olvas\u00e1si id\u0151\" \/>\n\t<meta name=\"twitter:data2\" content=\"3 perc\" \/>\n<script type=\"application\/ld+json\" class=\"yoast-schema-graph\">{\"@context\":\"https:\/\/schema.org\",\"@graph\":[{\"@type\":\"WebPage\",\"@id\":\"https:\/\/www.dsgi.hu\/main\/2021\/02\/07\/herendi-ontomuhely-kialakitasa\/\",\"url\":\"https:\/\/www.dsgi.hu\/main\/2021\/02\/07\/herendi-ontomuhely-kialakitasa\/\",\"name\":\"Herendi \u00f6nt\u0151m\u0171hely kialak\u00edt\u00e1sa - DSGI Ergon\u00f3miai M\u00e9rn\u00f6ki Iroda kft.\",\"isPartOf\":{\"@id\":\"https:\/\/www.dsgi.hu\/main\/#website\"},\"primaryImageOfPage\":{\"@id\":\"https:\/\/www.dsgi.hu\/main\/2021\/02\/07\/herendi-ontomuhely-kialakitasa\/#primaryimage\"},\"image\":{\"@id\":\"https:\/\/www.dsgi.hu\/main\/2021\/02\/07\/herendi-ontomuhely-kialakitasa\/#primaryimage\"},\"thumbnailUrl\":\"https:\/\/www.dsgi.hu\/main\/wp-content\/uploads\/2021\/02\/Ecsetek-fekvo.jpg\",\"datePublished\":\"2021-02-07T15:14:54+00:00\",\"dateModified\":\"2025-01-05T18:35:25+00:00\",\"author\":{\"@id\":\"https:\/\/www.dsgi.hu\/main\/#\/schema\/person\/e5e69a8e42cd192b4dc614994dab87a2\"},\"breadcrumb\":{\"@id\":\"https:\/\/www.dsgi.hu\/main\/2021\/02\/07\/herendi-ontomuhely-kialakitasa\/#breadcrumb\"},\"inLanguage\":\"hu\",\"potentialAction\":[{\"@type\":\"ReadAction\",\"target\":[\"https:\/\/www.dsgi.hu\/main\/2021\/02\/07\/herendi-ontomuhely-kialakitasa\/\"]}]},{\"@type\":\"ImageObject\",\"inLanguage\":\"hu\",\"@id\":\"https:\/\/www.dsgi.hu\/main\/2021\/02\/07\/herendi-ontomuhely-kialakitasa\/#primaryimage\",\"url\":\"https:\/\/www.dsgi.hu\/main\/wp-content\/uploads\/2021\/02\/Ecsetek-fekvo.jpg\",\"contentUrl\":\"https:\/\/www.dsgi.hu\/main\/wp-content\/uploads\/2021\/02\/Ecsetek-fekvo.jpg\",\"width\":1920,\"height\":550},{\"@type\":\"BreadcrumbList\",\"@id\":\"https:\/\/www.dsgi.hu\/main\/2021\/02\/07\/herendi-ontomuhely-kialakitasa\/#breadcrumb\",\"itemListElement\":[{\"@type\":\"ListItem\",\"position\":1,\"name\":\"Kezd\u0151lap\",\"item\":\"https:\/\/www.dsgi.hu\/main\/\"},{\"@type\":\"ListItem\",\"position\":2,\"name\":\"Herendi \u00f6nt\u0151m\u0171hely kialak\u00edt\u00e1sa\"}]},{\"@type\":\"WebSite\",\"@id\":\"https:\/\/www.dsgi.hu\/main\/#website\",\"url\":\"https:\/\/www.dsgi.hu\/main\/\",\"name\":\"DSGI Ergon\u00f3miai M\u00e9rn\u00f6ki Iroda kft.\",\"description\":\"A megval\u00f3sul\u00f3 ergon\u00f3mia\",\"potentialAction\":[{\"@type\":\"SearchAction\",\"target\":{\"@type\":\"EntryPoint\",\"urlTemplate\":\"https:\/\/www.dsgi.hu\/main\/?s={search_term_string}\"},\"query-input\":{\"@type\":\"PropertyValueSpecification\",\"valueRequired\":true,\"valueName\":\"search_term_string\"}}],\"inLanguage\":\"hu\"},{\"@type\":\"Person\",\"@id\":\"https:\/\/www.dsgi.hu\/main\/#\/schema\/person\/e5e69a8e42cd192b4dc614994dab87a2\",\"name\":\"DSGI_admin\",\"image\":{\"@type\":\"ImageObject\",\"inLanguage\":\"hu\",\"@id\":\"https:\/\/www.dsgi.hu\/main\/#\/schema\/person\/image\/\",\"url\":\"https:\/\/secure.gravatar.com\/avatar\/4ae4bc807fce43b49b642e528346fa48ff31b06e46502f2963f672e42e001f39?s=96&d=mm&r=g\",\"contentUrl\":\"https:\/\/secure.gravatar.com\/avatar\/4ae4bc807fce43b49b642e528346fa48ff31b06e46502f2963f672e42e001f39?s=96&d=mm&r=g\",\"caption\":\"DSGI_admin\"},\"sameAs\":[\"https:\/\/dsgi.hu\/main\"],\"url\":\"https:\/\/www.dsgi.hu\/main\/author\/dsgi_admin\/\"}]}<\/script>\n<!-- \/ Yoast SEO plugin. -->","yoast_head_json":{"title":"Herendi \u00f6nt\u0151m\u0171hely kialak\u00edt\u00e1sa - DSGI Ergon\u00f3miai M\u00e9rn\u00f6ki Iroda kft.","robots":{"index":"index","follow":"follow","max-snippet":"max-snippet:-1","max-image-preview":"max-image-preview:large","max-video-preview":"max-video-preview:-1"},"canonical":"https:\/\/www.dsgi.hu\/main\/2021\/02\/07\/herendi-ontomuhely-kialakitasa\/","og_locale":"hu_HU","og_type":"article","og_title":"Herendi \u00f6nt\u0151m\u0171hely kialak\u00edt\u00e1sa - DSGI Ergon\u00f3miai M\u00e9rn\u00f6ki Iroda kft.","og_description":"A Herendi Porcel\u00e1nmanufakt\u00fara Rt. nagy jelent\u0151s\u00e9get tulajdon\u00edt a min\u0151s\u00e9gnek a term\u00e9keket \u00e9s a termel\u00e9si k\u00f6r\u00fclm\u00e9nyeket illet\u0151en is. Ebben a projektben a termel\u00e9si folyamat els\u0151 \u00e1llom\u00e1s\u00e1nak, az \u00f6nt\u0151m\u0171helynek ergon\u00f3miai fejleszt\u00e9se volt a c\u00e9l. A Herendi Porcel\u00e1nmanufakt\u00fara 2000. tavasz\u00e1n adott lehet\u0151s\u00e9get t\u00e1rsas\u00e1gunknak arra, hogy egy sz\u0171kebb ter\u00fcleten, az \u00f6nt\u0151m\u0171helyben bizony\u00edthassunk. Lehet\u0151s\u00e9get kaptunk arra, hogy szakmai meggy\u0151z\u0151d\u00e9s\u00fcnknek megfelel\u0151en, [&hellip;]","og_url":"https:\/\/www.dsgi.hu\/main\/2021\/02\/07\/herendi-ontomuhely-kialakitasa\/","og_site_name":"DSGI Ergon\u00f3miai M\u00e9rn\u00f6ki Iroda kft.","article_published_time":"2021-02-07T15:14:54+00:00","article_modified_time":"2025-01-05T18:35:25+00:00","og_image":[{"width":1920,"height":550,"url":"https:\/\/www.dsgi.hu\/main\/wp-content\/uploads\/2021\/02\/Ecsetek-fekvo.jpg","type":"image\/jpeg"}],"author":"DSGI_admin","twitter_card":"summary_large_image","twitter_misc":{"Szerz\u0151:":"DSGI_admin","Becs\u00fclt olvas\u00e1si id\u0151":"3 perc"},"schema":{"@context":"https:\/\/schema.org","@graph":[{"@type":"WebPage","@id":"https:\/\/www.dsgi.hu\/main\/2021\/02\/07\/herendi-ontomuhely-kialakitasa\/","url":"https:\/\/www.dsgi.hu\/main\/2021\/02\/07\/herendi-ontomuhely-kialakitasa\/","name":"Herendi \u00f6nt\u0151m\u0171hely kialak\u00edt\u00e1sa - DSGI Ergon\u00f3miai M\u00e9rn\u00f6ki Iroda kft.","isPartOf":{"@id":"https:\/\/www.dsgi.hu\/main\/#website"},"primaryImageOfPage":{"@id":"https:\/\/www.dsgi.hu\/main\/2021\/02\/07\/herendi-ontomuhely-kialakitasa\/#primaryimage"},"image":{"@id":"https:\/\/www.dsgi.hu\/main\/2021\/02\/07\/herendi-ontomuhely-kialakitasa\/#primaryimage"},"thumbnailUrl":"https:\/\/www.dsgi.hu\/main\/wp-content\/uploads\/2021\/02\/Ecsetek-fekvo.jpg","datePublished":"2021-02-07T15:14:54+00:00","dateModified":"2025-01-05T18:35:25+00:00","author":{"@id":"https:\/\/www.dsgi.hu\/main\/#\/schema\/person\/e5e69a8e42cd192b4dc614994dab87a2"},"breadcrumb":{"@id":"https:\/\/www.dsgi.hu\/main\/2021\/02\/07\/herendi-ontomuhely-kialakitasa\/#breadcrumb"},"inLanguage":"hu","potentialAction":[{"@type":"ReadAction","target":["https:\/\/www.dsgi.hu\/main\/2021\/02\/07\/herendi-ontomuhely-kialakitasa\/"]}]},{"@type":"ImageObject","inLanguage":"hu","@id":"https:\/\/www.dsgi.hu\/main\/2021\/02\/07\/herendi-ontomuhely-kialakitasa\/#primaryimage","url":"https:\/\/www.dsgi.hu\/main\/wp-content\/uploads\/2021\/02\/Ecsetek-fekvo.jpg","contentUrl":"https:\/\/www.dsgi.hu\/main\/wp-content\/uploads\/2021\/02\/Ecsetek-fekvo.jpg","width":1920,"height":550},{"@type":"BreadcrumbList","@id":"https:\/\/www.dsgi.hu\/main\/2021\/02\/07\/herendi-ontomuhely-kialakitasa\/#breadcrumb","itemListElement":[{"@type":"ListItem","position":1,"name":"Kezd\u0151lap","item":"https:\/\/www.dsgi.hu\/main\/"},{"@type":"ListItem","position":2,"name":"Herendi \u00f6nt\u0151m\u0171hely kialak\u00edt\u00e1sa"}]},{"@type":"WebSite","@id":"https:\/\/www.dsgi.hu\/main\/#website","url":"https:\/\/www.dsgi.hu\/main\/","name":"DSGI Ergon\u00f3miai M\u00e9rn\u00f6ki Iroda kft.","description":"A megval\u00f3sul\u00f3 ergon\u00f3mia","potentialAction":[{"@type":"SearchAction","target":{"@type":"EntryPoint","urlTemplate":"https:\/\/www.dsgi.hu\/main\/?s={search_term_string}"},"query-input":{"@type":"PropertyValueSpecification","valueRequired":true,"valueName":"search_term_string"}}],"inLanguage":"hu"},{"@type":"Person","@id":"https:\/\/www.dsgi.hu\/main\/#\/schema\/person\/e5e69a8e42cd192b4dc614994dab87a2","name":"DSGI_admin","image":{"@type":"ImageObject","inLanguage":"hu","@id":"https:\/\/www.dsgi.hu\/main\/#\/schema\/person\/image\/","url":"https:\/\/secure.gravatar.com\/avatar\/4ae4bc807fce43b49b642e528346fa48ff31b06e46502f2963f672e42e001f39?s=96&d=mm&r=g","contentUrl":"https:\/\/secure.gravatar.com\/avatar\/4ae4bc807fce43b49b642e528346fa48ff31b06e46502f2963f672e42e001f39?s=96&d=mm&r=g","caption":"DSGI_admin"},"sameAs":["https:\/\/dsgi.hu\/main"],"url":"https:\/\/www.dsgi.hu\/main\/author\/dsgi_admin\/"}]}},"_links":{"self":[{"href":"https:\/\/www.dsgi.hu\/main\/wp-json\/wp\/v2\/posts\/158","targetHints":{"allow":["GET"]}}],"collection":[{"href":"https:\/\/www.dsgi.hu\/main\/wp-json\/wp\/v2\/posts"}],"about":[{"href":"https:\/\/www.dsgi.hu\/main\/wp-json\/wp\/v2\/types\/post"}],"author":[{"embeddable":true,"href":"https:\/\/www.dsgi.hu\/main\/wp-json\/wp\/v2\/users\/1"}],"replies":[{"embeddable":true,"href":"https:\/\/www.dsgi.hu\/main\/wp-json\/wp\/v2\/comments?post=158"}],"version-history":[{"count":1,"href":"https:\/\/www.dsgi.hu\/main\/wp-json\/wp\/v2\/posts\/158\/revisions"}],"predecessor-version":[{"id":165,"href":"https:\/\/www.dsgi.hu\/main\/wp-json\/wp\/v2\/posts\/158\/revisions\/165"}],"wp:featuredmedia":[{"embeddable":true,"href":"https:\/\/www.dsgi.hu\/main\/wp-json\/wp\/v2\/media\/228"}],"wp:attachment":[{"href":"https:\/\/www.dsgi.hu\/main\/wp-json\/wp\/v2\/media?parent=158"}],"wp:term":[{"taxonomy":"category","embeddable":true,"href":"https:\/\/www.dsgi.hu\/main\/wp-json\/wp\/v2\/categories?post=158"},{"taxonomy":"post_tag","embeddable":true,"href":"https:\/\/www.dsgi.hu\/main\/wp-json\/wp\/v2\/tags?post=158"}],"curies":[{"name":"wp","href":"https:\/\/api.w.org\/{rel}","templated":true}]}}